{"id":1993,"date":"2022-10-24T14:09:52","date_gmt":"2022-10-24T12:09:52","guid":{"rendered":"https:\/\/www.vaia.eu\/die-dolomiten-schuetzen-ohne-strom-mit-seele\/"},"modified":"2023-03-24T12:49:26","modified_gmt":"2023-03-24T11:49:26","slug":"die-dolomiten-schuetzen-ohne-strom-mit-seele","status":"publish","type":"post","link":"https:\/\/www.vaia.eu\/de\/die-dolomiten-schuetzen-ohne-strom-mit-seele\/","title":{"rendered":"Die Dolomiten sch\u00fctzen. Ohne Strom. Mit Seele"},"content":{"rendered":"\n<h2 class=\"wp-block-heading\">Vaia: Eine Katastrophe und die Wiedergeburt des Waldes<\/h2>\n\n\n\n<p class=\"wp-block-paragraph\">Inspiriert durch die Geschichte von VAIA, welche wir nun auch in Deutschland und \u00d6sterreich verbreiten wollen, haben wir den Klangverst\u00e4rker VAIA Cube entwickelt und gebaut. Die Naturkatastrophe Vaia, welche eine Landschaft der Verw\u00fcstung in den italienischen Dolomiten hinter sich gelassen hat, diente dabei als Namensgeber f\u00fcr den Lautsprecher VAIA Cube. Schlie\u00dflich wurde der Klangverst\u00e4rker VAIA Cube aus dem <a href=\"https:\/\/www.sueddeutsche.de\/projekte\/artikel\/wirtschaft\/italien-erlebt-sein-gruenes-wunder-e869960\/\">Schadholz<\/a>, welches durch die Naturkatastrophe in Norditalien entstand, konstruiert. Nachdem in vier Jahren \u00fcber 60.000 Setzlinge gepflanzt wurden, darfst du uns gerne dabei helfen, weiterhin f\u00fcr jeden Lautsprecher einen Baum zu pflanzen!&nbsp;<\/p>\n\n\n\n<figure class=\"wp-block-image size-full is-resized\"><img loading=\"lazy\" decoding=\"async\" src=\"https:\/\/www.vaia.eu\/wp-content\/uploads\/2023\/03\/Schadholz-Wald-Dolomiten.jpg\" alt=\"Schadholz-Wald-Dolomiten\" class=\"wp-image-272462\" width=\"822\" height=\"588\"\/><\/figure>\n\n\n\n<h2 class=\"wp-block-heading\">Was ist in den Dolomiten genau passiert?<\/h2>\n\n\n\n<p class=\"wp-block-paragraph\">42 Millionen B\u00e4ume fielen Windb\u00f6en mit einer St\u00e4rke von 217 km\/h und starken Regenf\u00e4llen zum Opfer. Das Unwetter in Trentino-S\u00fcdtirol Vaia lie\u00df 22.000 Hektar Wald verschwinden, wodurch es als die schlimmste Naturkatastrophe Italiens in den vergangenen 50 Jahren gilt. Mit einem Gesamtschaden von ca. 2,8 Milliarden Euro hatte das Unwetter einen verheerenden Einfluss auf das <a href=\"https:\/\/www.br.de\/berge\/bergtour\/dolomiten-4-jahre-nach-orkan-vaja-im-naturpark-paneveggio100.html\">\u00d6kosystem der Dolomiten<\/a>, aber auch auf die regionale Holz-, Land-, Forst- und Weidewirtschaft.<\/p>\n\n\n\n<figure class=\"wp-block-image size-full is-resized\"><img loading=\"lazy\" decoding=\"async\" src=\"https:\/\/www.vaia.eu\/wp-content\/uploads\/2023\/03\/Unwetter-Naturkatastrophe-Suedtirol.jpg\" alt=\"Unwetter-Naturkatastrophe-Suedtirol\" class=\"wp-image-272465\" width=\"822\" height=\"584\"\/><\/figure>\n\n\n\n<h2 class=\"wp-block-heading\">Schadholz kehrt ins Leben zur\u00fcck und neue B\u00e4ume werden gepflanzt<\/h2>\n\n\n\n<p class=\"wp-block-paragraph\">Um die Trag\u00f6die zu etwas Gutem umzuwandeln, wurde VAIA Cube aus der Taufe gehoben: Aus Schadholz erworben und von Handwerkern aus der Umgebung geschaffen, handelt es sich bei VAIA Cube um einen passiven Lautsprecher. Sowohl die betroffenen Gemeinden als auch die <a href=\"https:\/\/sonoitalia.de\/vaia-cube-symbol-fuer-wiedergeburt-und-optimismus\/\">Handwerker vor Ort<\/a> erfahren durch die Produktion und Vermarktung des Cubes finanzielle Unterst\u00fctzung. Nach der Pflanzung von \u00fcber 60.000 Setzlingen seit der Unternehmensgr\u00fcndung 2018 entspricht ein verkaufter Lautsprecher jeweils einem neu gepflanzten Baum.<\/p>\n\n\n\n<figure class=\"wp-block-image size-full is-resized\"><img loading=\"lazy\" decoding=\"async\" src=\"https:\/\/www.vaia.eu\/wp-content\/uploads\/2023\/03\/Baeume-pflanzen.jpg\" alt=\"Baeume-pflanzen\" class=\"wp-image-272468\" width=\"822\" height=\"549\"\/><\/figure>\n\n\n\n<h2 class=\"wp-block-heading\">VAIA Cube ist ein Holzlautsprecher mit Seele<\/h2>\n\n\n\n<p class=\"wp-block-paragraph\">Aus Holz gewonnen, kommt der Klangverst\u00e4rker VAIA Cube nicht nur <a href=\"https:\/\/www.chip.de\/news\/Lautsprecher-ohne-Strom-und-Technik-Das-ist-der-VAIA-Cube_184449651.html\">ohne Strom und Technik<\/a> aus, sondern jedes einzelne Exemplar bietet ein ganz individuelles Design. Dem nat\u00fcrlichen Schnitt der Maserung folgend, vereint es eine besondere Technik der Gewinnung mit starker Symbolik. So spiegelt der vordere Schnitt die Wunden des Waldes wider. Das Fichtenholz, auch in der Produktion f\u00fcr Saiteninstrumente verwendet, sorgt nicht nur f\u00fcr eine unmittelbare Charakteristik der Verst\u00e4rkung, sondern auch f\u00fcr einen warmen und tiefen Klang. Will man am Smartphone den Ton verst\u00e4rken, muss es nur am daf\u00fcr gedachten Ort angebracht werden.&nbsp;<\/p>\n\n\n\n<figure class=\"wp-block-image size-full is-resized\"><img loading=\"lazy\" decoding=\"async\" src=\"https:\/\/www.vaia.eu\/wp-content\/uploads\/2023\/03\/Lautsprecher-Holz-ohne-Strom.png\" alt=\"Lautsprecher-Holz-ohne-Strom\" class=\"wp-image-272471\" width=\"823\" height=\"596\"\/><\/figure>\n","protected":false},"excerpt":{"rendered":"<p>Vaia: Eine Katastrophe und die Wiedergeburt des Waldes Inspiriert durch die Geschichte von VAIA, welche wir nun auch in Deutschland und \u00d6sterreich verbreiten wollen, haben wir den Klangverst\u00e4rker VAIA Cube entwickelt und gebaut. Die Naturkatastrophe Vaia, welche eine Landschaft der Verw\u00fcstung in den italienischen Dolomiten hinter sich gelassen hat, diente dabei als Namensgeber f\u00fcr den [&hellip;]<\/p>\n","protected":false},"author":1,"featured_media":2007,"comment_status":"open","ping_status":"closed","sticky":false,"template":"","format":"standard","meta":{"_acf_changed":false,"_crdt_document":"","content-type":"","footnotes":""},"categories":[59],"tags":[],"class_list":["post-1993","post","type-post","status-publish","format-standard","has-post-thumbnail","hentry","category-vaia-das-projekt"],"acf":[],"yoast_head":"<!-- This site is optimized with the Yoast SEO plugin v27.4 - https:\/\/yoast.com\/product\/yoast-seo-wordpress\/ -->\n<title>Die Dolomiten sch\u00fctzen. Ohne Strom. Mit Seele | VAIA<\/title>\n<meta name=\"robots\" content=\"index, follow, max-snippet:-1, max-image-preview:large, max-video-preview:-1\" \/>\n<link rel=\"canonical\" href=\"https:\/\/www.vaia.eu\/de\/die-dolomiten-schuetzen-ohne-strom-mit-seele\/\" \/>\n<meta property=\"og:locale\" content=\"de_DE\" \/>\n<meta property=\"og:type\" content=\"article\" \/>\n<meta property=\"og:title\" content=\"Die Dolomiten sch\u00fctzen. Ohne Strom. Mit Seele | VAIA\" \/>\n<meta property=\"og:description\" content=\"Vaia: Eine Katastrophe und die Wiedergeburt des Waldes Inspiriert durch die Geschichte von VAIA, welche wir nun auch in Deutschland und \u00d6sterreich verbreiten wollen, haben wir den Klangverst\u00e4rker VAIA Cube entwickelt und gebaut. Die Naturkatastrophe Vaia, welche eine Landschaft der Verw\u00fcstung in den italienischen Dolomiten hinter sich gelassen hat, diente dabei als Namensgeber f\u00fcr den [&hellip;]\" \/>\n<meta property=\"og:url\" content=\"https:\/\/www.vaia.eu\/de\/die-dolomiten-schuetzen-ohne-strom-mit-seele\/\" \/>\n<meta property=\"og:site_name\" content=\"VAIA\" \/>\n<meta property=\"article:publisher\" content=\"https:\/\/www.facebook.com\/therealvaia\/\" \/>\n<meta property=\"article:published_time\" content=\"2022-10-24T12:09:52+00:00\" \/>\n<meta property=\"article:modified_time\" content=\"2023-03-24T11:49:26+00:00\" \/>\n<meta property=\"og:image\" content=\"https:\/\/www.vaia.eu\/wp-content\/uploads\/2023\/03\/Cube-Sole.jpg\" \/>\n\t<meta property=\"og:image:width\" content=\"1200\" \/>\n\t<meta property=\"og:image:height\" content=\"800\" \/>\n\t<meta property=\"og:image:type\" content=\"image\/jpeg\" \/>\n<meta name=\"author\" content=\"vaia_masterkey\" \/>\n<meta name=\"twitter:card\" content=\"summary_large_image\" \/>\n<meta name=\"twitter:label1\" content=\"Verfasst von\" \/>\n\t<meta name=\"twitter:data1\" content=\"vaia_masterkey\" \/>\n\t<meta name=\"twitter:label2\" content=\"Gesch\u00e4tzte Lesezeit\" \/>\n\t<meta name=\"twitter:data2\" content=\"3\u00a0Minuten\" \/>\n<script type=\"application\/ld+json\" class=\"yoast-schema-graph\">{\"@context\":\"https:\\\/\\\/schema.org\",\"@graph\":[{\"@type\":\"Article\",\"@id\":\"https:\\\/\\\/www.vaia.eu\\\/de\\\/die-dolomiten-schuetzen-ohne-strom-mit-seele\\\/#article\",\"isPartOf\":{\"@id\":\"https:\\\/\\\/www.vaia.eu\\\/de\\\/die-dolomiten-schuetzen-ohne-strom-mit-seele\\\/\"},\"author\":{\"name\":\"vaia_masterkey\",\"@id\":\"https:\\\/\\\/www.vaia.eu\\\/#\\\/schema\\\/person\\\/7950210e204be24cf11cf63518d2a71a\"},\"headline\":\"Die Dolomiten sch\u00fctzen. Ohne Strom. Mit Seele\",\"datePublished\":\"2022-10-24T12:09:52+00:00\",\"dateModified\":\"2023-03-24T11:49:26+00:00\",\"mainEntityOfPage\":{\"@id\":\"https:\\\/\\\/www.vaia.eu\\\/de\\\/die-dolomiten-schuetzen-ohne-strom-mit-seele\\\/\"},\"wordCount\":383,\"commentCount\":0,\"publisher\":{\"@id\":\"https:\\\/\\\/www.vaia.eu\\\/#organization\"},\"image\":{\"@id\":\"https:\\\/\\\/www.vaia.eu\\\/de\\\/die-dolomiten-schuetzen-ohne-strom-mit-seele\\\/#primaryimage\"},\"thumbnailUrl\":\"https:\\\/\\\/www.vaia.eu\\\/wp-content\\\/uploads\\\/2023\\\/03\\\/Cube-Sole.jpg\",\"articleSection\":[\"VAIA das Projekt\"],\"inLanguage\":\"de\",\"potentialAction\":[{\"@type\":\"CommentAction\",\"name\":\"Comment\",\"target\":[\"https:\\\/\\\/www.vaia.eu\\\/de\\\/die-dolomiten-schuetzen-ohne-strom-mit-seele\\\/#respond\"]}]},{\"@type\":\"WebPage\",\"@id\":\"https:\\\/\\\/www.vaia.eu\\\/de\\\/die-dolomiten-schuetzen-ohne-strom-mit-seele\\\/\",\"url\":\"https:\\\/\\\/www.vaia.eu\\\/de\\\/die-dolomiten-schuetzen-ohne-strom-mit-seele\\\/\",\"name\":\"Die Dolomiten sch\u00fctzen. Ohne Strom. Mit Seele | VAIA\",\"isPartOf\":{\"@id\":\"https:\\\/\\\/www.vaia.eu\\\/#website\"},\"primaryImageOfPage\":{\"@id\":\"https:\\\/\\\/www.vaia.eu\\\/de\\\/die-dolomiten-schuetzen-ohne-strom-mit-seele\\\/#primaryimage\"},\"image\":{\"@id\":\"https:\\\/\\\/www.vaia.eu\\\/de\\\/die-dolomiten-schuetzen-ohne-strom-mit-seele\\\/#primaryimage\"},\"thumbnailUrl\":\"https:\\\/\\\/www.vaia.eu\\\/wp-content\\\/uploads\\\/2023\\\/03\\\/Cube-Sole.jpg\",\"datePublished\":\"2022-10-24T12:09:52+00:00\",\"dateModified\":\"2023-03-24T11:49:26+00:00\",\"breadcrumb\":{\"@id\":\"https:\\\/\\\/www.vaia.eu\\\/de\\\/die-dolomiten-schuetzen-ohne-strom-mit-seele\\\/#breadcrumb\"},\"inLanguage\":\"de\",\"potentialAction\":[{\"@type\":\"ReadAction\",\"target\":[\"https:\\\/\\\/www.vaia.eu\\\/de\\\/die-dolomiten-schuetzen-ohne-strom-mit-seele\\\/\"]}]},{\"@type\":\"ImageObject\",\"inLanguage\":\"de\",\"@id\":\"https:\\\/\\\/www.vaia.eu\\\/de\\\/die-dolomiten-schuetzen-ohne-strom-mit-seele\\\/#primaryimage\",\"url\":\"https:\\\/\\\/www.vaia.eu\\\/wp-content\\\/uploads\\\/2023\\\/03\\\/Cube-Sole.jpg\",\"contentUrl\":\"https:\\\/\\\/www.vaia.eu\\\/wp-content\\\/uploads\\\/2023\\\/03\\\/Cube-Sole.jpg\",\"width\":1200,\"height\":800},{\"@type\":\"BreadcrumbList\",\"@id\":\"https:\\\/\\\/www.vaia.eu\\\/de\\\/die-dolomiten-schuetzen-ohne-strom-mit-seele\\\/#breadcrumb\",\"itemListElement\":[{\"@type\":\"ListItem\",\"position\":1,\"name\":\"Home\",\"item\":\"https:\\\/\\\/www.vaia.eu\\\/de\\\/\"},{\"@type\":\"ListItem\",\"position\":2,\"name\":\"Die Dolomiten sch\u00fctzen. Ohne Strom. Mit Seele\"}]},{\"@type\":\"WebSite\",\"@id\":\"https:\\\/\\\/www.vaia.eu\\\/#website\",\"url\":\"https:\\\/\\\/www.vaia.eu\\\/\",\"name\":\"VAIA - Face what matters\",\"description\":\"Face What Matters\",\"publisher\":{\"@id\":\"https:\\\/\\\/www.vaia.eu\\\/#organization\"},\"potentialAction\":[{\"@type\":\"SearchAction\",\"target\":{\"@type\":\"EntryPoint\",\"urlTemplate\":\"https:\\\/\\\/www.vaia.eu\\\/?s={search_term_string}\"},\"query-input\":{\"@type\":\"PropertyValueSpecification\",\"valueRequired\":true,\"valueName\":\"search_term_string\"}}],\"inLanguage\":\"de\"},{\"@type\":\"Organization\",\"@id\":\"https:\\\/\\\/www.vaia.eu\\\/#organization\",\"name\":\"VAIA\",\"url\":\"https:\\\/\\\/www.vaia.eu\\\/\",\"logo\":{\"@type\":\"ImageObject\",\"inLanguage\":\"de\",\"@id\":\"https:\\\/\\\/www.vaia.eu\\\/#\\\/schema\\\/logo\\\/image\\\/\",\"url\":\"https:\\\/\\\/www.vaia.eu\\\/wp-content\\\/uploads\\\/2023\\\/12\\\/logo-vaia.svg\",\"contentUrl\":\"https:\\\/\\\/www.vaia.eu\\\/wp-content\\\/uploads\\\/2023\\\/12\\\/logo-vaia.svg\",\"width\":1000,\"height\":1000,\"caption\":\"VAIA\"},\"image\":{\"@id\":\"https:\\\/\\\/www.vaia.eu\\\/#\\\/schema\\\/logo\\\/image\\\/\"},\"sameAs\":[\"https:\\\/\\\/www.facebook.com\\\/therealvaia\\\/\",\"https:\\\/\\\/www.instagram.com\\\/therealvaia\\\/\",\"https:\\\/\\\/www.linkedin.com\\\/company\\\/vaiasrl\\\/\",\"https:\\\/\\\/www.youtube.com\\\/channel\\\/UCPtTJEh97yiEMm-vE_Ux3Aw\"]},{\"@type\":\"Person\",\"@id\":\"https:\\\/\\\/www.vaia.eu\\\/#\\\/schema\\\/person\\\/7950210e204be24cf11cf63518d2a71a\",\"name\":\"vaia_masterkey\",\"image\":{\"@type\":\"ImageObject\",\"inLanguage\":\"de\",\"@id\":\"https:\\\/\\\/secure.gravatar.com\\\/avatar\\\/9e62c6ff1d460dbc000be0cd95e92f6ed26155db09b4d3fbb9492bcd3df2bb75?s=96&d=mm&r=g\",\"url\":\"https:\\\/\\\/secure.gravatar.com\\\/avatar\\\/9e62c6ff1d460dbc000be0cd95e92f6ed26155db09b4d3fbb9492bcd3df2bb75?s=96&d=mm&r=g\",\"contentUrl\":\"https:\\\/\\\/secure.gravatar.com\\\/avatar\\\/9e62c6ff1d460dbc000be0cd95e92f6ed26155db09b4d3fbb9492bcd3df2bb75?s=96&d=mm&r=g\",\"caption\":\"vaia_masterkey\"},\"sameAs\":[\"https:\\\/\\\/www.vaia.eu\"]}]}<\/script>\n<!-- \/ Yoast SEO plugin. -->","yoast_head_json":{"title":"Die Dolomiten sch\u00fctzen. Ohne Strom. Mit Seele | VAIA","robots":{"index":"index","follow":"follow","max-snippet":"max-snippet:-1","max-image-preview":"max-image-preview:large","max-video-preview":"max-video-preview:-1"},"canonical":"https:\/\/www.vaia.eu\/de\/die-dolomiten-schuetzen-ohne-strom-mit-seele\/","og_locale":"de_DE","og_type":"article","og_title":"Die Dolomiten sch\u00fctzen. Ohne Strom. Mit Seele | VAIA","og_description":"Vaia: Eine Katastrophe und die Wiedergeburt des Waldes Inspiriert durch die Geschichte von VAIA, welche wir nun auch in Deutschland und \u00d6sterreich verbreiten wollen, haben wir den Klangverst\u00e4rker VAIA Cube entwickelt und gebaut. Die Naturkatastrophe Vaia, welche eine Landschaft der Verw\u00fcstung in den italienischen Dolomiten hinter sich gelassen hat, diente dabei als Namensgeber f\u00fcr den [&hellip;]","og_url":"https:\/\/www.vaia.eu\/de\/die-dolomiten-schuetzen-ohne-strom-mit-seele\/","og_site_name":"VAIA","article_publisher":"https:\/\/www.facebook.com\/therealvaia\/","article_published_time":"2022-10-24T12:09:52+00:00","article_modified_time":"2023-03-24T11:49:26+00:00","og_image":[{"width":1200,"height":800,"url":"https:\/\/www.vaia.eu\/wp-content\/uploads\/2023\/03\/Cube-Sole.jpg","type":"image\/jpeg"}],"author":"vaia_masterkey","twitter_card":"summary_large_image","twitter_misc":{"Verfasst von":"vaia_masterkey","Gesch\u00e4tzte Lesezeit":"3\u00a0Minuten"},"schema":{"@context":"https:\/\/schema.org","@graph":[{"@type":"Article","@id":"https:\/\/www.vaia.eu\/de\/die-dolomiten-schuetzen-ohne-strom-mit-seele\/#article","isPartOf":{"@id":"https:\/\/www.vaia.eu\/de\/die-dolomiten-schuetzen-ohne-strom-mit-seele\/"},"author":{"name":"vaia_masterkey","@id":"https:\/\/www.vaia.eu\/#\/schema\/person\/7950210e204be24cf11cf63518d2a71a"},"headline":"Die Dolomiten sch\u00fctzen. Ohne Strom. Mit Seele","datePublished":"2022-10-24T12:09:52+00:00","dateModified":"2023-03-24T11:49:26+00:00","mainEntityOfPage":{"@id":"https:\/\/www.vaia.eu\/de\/die-dolomiten-schuetzen-ohne-strom-mit-seele\/"},"wordCount":383,"commentCount":0,"publisher":{"@id":"https:\/\/www.vaia.eu\/#organization"},"image":{"@id":"https:\/\/www.vaia.eu\/de\/die-dolomiten-schuetzen-ohne-strom-mit-seele\/#primaryimage"},"thumbnailUrl":"https:\/\/www.vaia.eu\/wp-content\/uploads\/2023\/03\/Cube-Sole.jpg","articleSection":["VAIA das Projekt"],"inLanguage":"de","potentialAction":[{"@type":"CommentAction","name":"Comment","target":["https:\/\/www.vaia.eu\/de\/die-dolomiten-schuetzen-ohne-strom-mit-seele\/#respond"]}]},{"@type":"WebPage","@id":"https:\/\/www.vaia.eu\/de\/die-dolomiten-schuetzen-ohne-strom-mit-seele\/","url":"https:\/\/www.vaia.eu\/de\/die-dolomiten-schuetzen-ohne-strom-mit-seele\/","name":"Die Dolomiten sch\u00fctzen. Ohne Strom. Mit Seele | VAIA","isPartOf":{"@id":"https:\/\/www.vaia.eu\/#website"},"primaryImageOfPage":{"@id":"https:\/\/www.vaia.eu\/de\/die-dolomiten-schuetzen-ohne-strom-mit-seele\/#primaryimage"},"image":{"@id":"https:\/\/www.vaia.eu\/de\/die-dolomiten-schuetzen-ohne-strom-mit-seele\/#primaryimage"},"thumbnailUrl":"https:\/\/www.vaia.eu\/wp-content\/uploads\/2023\/03\/Cube-Sole.jpg","datePublished":"2022-10-24T12:09:52+00:00","dateModified":"2023-03-24T11:49:26+00:00","breadcrumb":{"@id":"https:\/\/www.vaia.eu\/de\/die-dolomiten-schuetzen-ohne-strom-mit-seele\/#breadcrumb"},"inLanguage":"de","potentialAction":[{"@type":"ReadAction","target":["https:\/\/www.vaia.eu\/de\/die-dolomiten-schuetzen-ohne-strom-mit-seele\/"]}]},{"@type":"ImageObject","inLanguage":"de","@id":"https:\/\/www.vaia.eu\/de\/die-dolomiten-schuetzen-ohne-strom-mit-seele\/#primaryimage","url":"https:\/\/www.vaia.eu\/wp-content\/uploads\/2023\/03\/Cube-Sole.jpg","contentUrl":"https:\/\/www.vaia.eu\/wp-content\/uploads\/2023\/03\/Cube-Sole.jpg","width":1200,"height":800},{"@type":"BreadcrumbList","@id":"https:\/\/www.vaia.eu\/de\/die-dolomiten-schuetzen-ohne-strom-mit-seele\/#breadcrumb","itemListElement":[{"@type":"ListItem","position":1,"name":"Home","item":"https:\/\/www.vaia.eu\/de\/"},{"@type":"ListItem","position":2,"name":"Die Dolomiten sch\u00fctzen. Ohne Strom. Mit Seele"}]},{"@type":"WebSite","@id":"https:\/\/www.vaia.eu\/#website","url":"https:\/\/www.vaia.eu\/","name":"VAIA - Face what matters","description":"Face What Matters","publisher":{"@id":"https:\/\/www.vaia.eu\/#organization"},"potentialAction":[{"@type":"SearchAction","target":{"@type":"EntryPoint","urlTemplate":"https:\/\/www.vaia.eu\/?s={search_term_string}"},"query-input":{"@type":"PropertyValueSpecification","valueRequired":true,"valueName":"search_term_string"}}],"inLanguage":"de"},{"@type":"Organization","@id":"https:\/\/www.vaia.eu\/#organization","name":"VAIA","url":"https:\/\/www.vaia.eu\/","logo":{"@type":"ImageObject","inLanguage":"de","@id":"https:\/\/www.vaia.eu\/#\/schema\/logo\/image\/","url":"https:\/\/www.vaia.eu\/wp-content\/uploads\/2023\/12\/logo-vaia.svg","contentUrl":"https:\/\/www.vaia.eu\/wp-content\/uploads\/2023\/12\/logo-vaia.svg","width":1000,"height":1000,"caption":"VAIA"},"image":{"@id":"https:\/\/www.vaia.eu\/#\/schema\/logo\/image\/"},"sameAs":["https:\/\/www.facebook.com\/therealvaia\/","https:\/\/www.instagram.com\/therealvaia\/","https:\/\/www.linkedin.com\/company\/vaiasrl\/","https:\/\/www.youtube.com\/channel\/UCPtTJEh97yiEMm-vE_Ux3Aw"]},{"@type":"Person","@id":"https:\/\/www.vaia.eu\/#\/schema\/person\/7950210e204be24cf11cf63518d2a71a","name":"vaia_masterkey","image":{"@type":"ImageObject","inLanguage":"de","@id":"https:\/\/secure.gravatar.com\/avatar\/9e62c6ff1d460dbc000be0cd95e92f6ed26155db09b4d3fbb9492bcd3df2bb75?s=96&d=mm&r=g","url":"https:\/\/secure.gravatar.com\/avatar\/9e62c6ff1d460dbc000be0cd95e92f6ed26155db09b4d3fbb9492bcd3df2bb75?s=96&d=mm&r=g","contentUrl":"https:\/\/secure.gravatar.com\/avatar\/9e62c6ff1d460dbc000be0cd95e92f6ed26155db09b4d3fbb9492bcd3df2bb75?s=96&d=mm&r=g","caption":"vaia_masterkey"},"sameAs":["https:\/\/www.vaia.eu"]}]}},"_links":{"self":[{"href":"https:\/\/www.vaia.eu\/de\/wp-json\/wp\/v2\/posts\/1993","targetHints":{"allow":["GET"]}}],"collection":[{"href":"https:\/\/www.vaia.eu\/de\/wp-json\/wp\/v2\/posts"}],"about":[{"href":"https:\/\/www.vaia.eu\/de\/wp-json\/wp\/v2\/types\/post"}],"author":[{"embeddable":true,"href":"https:\/\/www.vaia.eu\/de\/wp-json\/wp\/v2\/users\/1"}],"replies":[{"embeddable":true,"href":"https:\/\/www.vaia.eu\/de\/wp-json\/wp\/v2\/comments?post=1993"}],"version-history":[{"count":0,"href":"https:\/\/www.vaia.eu\/de\/wp-json\/wp\/v2\/posts\/1993\/revisions"}],"wp:featuredmedia":[{"embeddable":true,"href":"https:\/\/www.vaia.eu\/de\/wp-json\/wp\/v2\/media\/2007"}],"wp:attachment":[{"href":"https:\/\/www.vaia.eu\/de\/wp-json\/wp\/v2\/media?parent=1993"}],"wp:term":[{"taxonomy":"category","embeddable":true,"href":"https:\/\/www.vaia.eu\/de\/wp-json\/wp\/v2\/categories?post=1993"},{"taxonomy":"post_tag","embeddable":true,"href":"https:\/\/www.vaia.eu\/de\/wp-json\/wp\/v2\/tags?post=1993"}],"curies":[{"name":"wp","href":"https:\/\/api.w.org\/{rel}","templated":true}]}}