{"id":2077,"date":"2022-11-21T09:08:24","date_gmt":"2022-11-21T08:08:24","guid":{"rendered":"https:\/\/www.vaia.eu\/gemeinsam-wald-und-klima-schuetzen-vaia\/"},"modified":"2023-03-24T12:49:56","modified_gmt":"2023-03-24T11:49:56","slug":"gemeinsam-wald-und-klima-schuetzen-vaia","status":"publish","type":"post","link":"https:\/\/www.vaia.eu\/de\/gemeinsam-wald-und-klima-schuetzen-vaia\/","title":{"rendered":"Unsere W\u00e4lder: Entkr\u00e4ftete Klimahelfer"},"content":{"rendered":"\n<h2 class=\"wp-block-heading\">Die Klimakonferenz und der Wald<\/h2>\n\n\n\n<p class=\"wp-block-paragraph\">Die Klimakonferenz COP27 steht heute im Zeichen der biologischen Vielfalt. Es geht um die Frage, welche Auswirkungen die Klimakrise auf die Arten und ihre Lebensr\u00e4ume hat. In diesen Jahren haben wir besonders deutlich die Auswirkungen der <a href=\"https:\/\/ec.europa.eu\/commission\/presscorner\/detail\/de\/IP_22_6653\"><u>Klimakrise auf die W\u00e4lder<\/u><\/a> gemerkt: Hitze, D\u00fcrre und Waldbr\u00e4nde machten ihnen auf der ganzen Welt zu schaffen. Von 1990 bis 2020 hat der Waldbestand in Europa und Asien durch Aufforstung und die nat\u00fcrliche Ausbreitung leicht zugenommen. In S\u00fcdamerika und Afrika sinkt er weiter: Jeweils \u00fcber 100 Millionen Hektar Wald gingen in den 30 Jahren verloren. Die Hauptursache ist die Abholzung des Waldes zur Umwandlung in landwirtschaftliche Nutzfl\u00e4che. Etwa 20 Prozent des weltweit verursachten Treibhausgasaussto\u00dfes sind darauf zur\u00fcckzuf\u00fchren.<\/p>\n\n\n\n<figure class=\"wp-block-image size-full\"><img decoding=\"async\" src=\"https:\/\/www.vaia.eu\/wp-content\/uploads\/2023\/03\/Klima-Baeume-Holz.png\" alt=\"\" class=\"wp-image-273589\"\/><\/figure>\n\n\n\n<h2 class=\"wp-block-heading\">Warum sind W\u00e4lder so wichtig f\u00fcr das Klima?<\/h2>\n\n\n\n<p class=\"wp-block-paragraph\">Weltweit macht die Waldfl\u00e4che 31 Prozent der Landfl\u00e4che aus. Die W\u00e4lder der Welt spielen im Klimasystem sowohl global als auch lokal eine gro\u00dfe Rolle: Sie tragen zur Sauerstoffbildung bei und haben eine unersetzbare Funktion im Wasserkreislauf. Auf regionaler Ebene beeinflussen W\u00e4lder insbesondere die Umgebungstemperatur und die Sauberkeit der Luft. Insgesamt speichern <a href=\"https:\/\/www.nabu.de\/natur-und-landschaft\/waelder\/index.html\"><u>die deutschen W\u00e4lder<\/u><\/a> etwa 127 Millionen Tonnen CO\u2082 pro Jahr. Damit leisten sie einen gro\u00dfen Beitrag zum Klimaschutz. Doch auch der Wald ist von der Klimakrise betroffen: Ver\u00e4nderte Wetterbedingungen stellen ihn vor gro\u00dfe Herausforderungen.<\/p>\n\n\n\n<h2 class=\"wp-block-heading\">Deutsche W\u00e4lder sind zu einer CO<sub>2<\/sub>-Quelle geworden<\/h2>\n\n\n\n<p class=\"wp-block-paragraph\">Seit 1972 hat die Waldfl\u00e4che in Deutschland leicht zugenommen. Allerdings sind fast die H\u00e4lfte von 11 Millionen Hektar Wald besch\u00e4digt, aufgrund von klimatischen Ver\u00e4nderungen und damit einhergehender Trockenheit und Insektenbefall. Dar\u00fcber hinaus sind durch Holzproduktion artenarme Plantagen entstanden, die weniger robust sind. Warum sind W\u00e4lder wichtig? B\u00e4ume speichern sehr gro\u00dfe Mengen Kohlenstoff, indem sie bei der Photosynthese CO\u2082 aufnehmen und daraus Holz bilden. Aus diesem Grund spielen W\u00e4lder im Klimasystem eine entscheidende Rolle: Sie tragen ma\u00dfgeblich zur Sauerstoffbildung bei und haben eine zentrale Funktion im Wasserkreislauf. Der Wald k\u00fchlt und produziert sauberes Wasser. Ein Gro\u00dfteil der deutschen Trinkwasserschutzgebiete sind bewaldet. Dar\u00fcber hinaus sind in den B\u00f6den intakter W\u00e4lder gro\u00dfe Mengen Kohlenstoff gespeichert. Das scheint sich aber zu \u00e4ndern. Aktuelle Studien zeigen, dass der deutsche Wald mittlerweile mehr CO\u2082 ausst\u00f6\u00dft als dass er speichert<\/p>\n\n\n\n<figure class=\"wp-block-image size-full\"><img decoding=\"async\" src=\"https:\/\/www.vaia.eu\/wp-content\/uploads\/2023\/03\/Kohlenstoff-Wald-Klima.png\" alt=\"\" class=\"wp-image-273592\"\/><\/figure>\n\n\n\n<h2 class=\"wp-block-heading\">Aufforstung gegen Erdrutschen, Lawinen und Muren<\/h2>\n\n\n\n<p class=\"wp-block-paragraph\">W\u00e4lder k\u00f6nnen einen bedeutsamen Schutz gegen Ph\u00e4nomene wie Erdrutschen und Lawinen darstellen. Wenn ein Sturm, wie <a href=\"https:\/\/www.diepresse.com\/6209125\/der-sound-der-sturmkatastrophe\"><u>Vaia 2018<\/u><\/a>, 10 Millionen Kubikmeter B\u00e4ume abr\u00e4umt, ist es dringend, den Wald zu ersetzen, denn nat\u00fcrliches Nachwachsen w\u00fcrde zu lange dauern. In Italien haben die W\u00e4lder in 30 Jahren ein F\u00fcnftel an Fl\u00e4che zugenommen. Aber dieser Zuwachs ist ein Zeichen der Vernachl\u00e4ssigung der Landschaft. Vor allem in den mediterranen Gebieten kann eine durchg\u00e4ngige Vegetation die Ausbreitung von Waldbr\u00e4nden beg\u00fcnstigen. In manchen Gebieten verliert man Arten, die offenes Land bevorzugen, wie Orchideen oder Schmetterlinge. Noch dazu ist Italien der zweitgr\u00f6\u00dfte Importeur von Holz weltweit \u2013 zugleich nutzen wir nur sehr wenig, gemessen an dem, was jedes Jahr in unseren W\u00e4ldern w\u00e4chst. Ein Teil des importierten Holzes kommt aus Gegenden, die selbst vom Waldsterben bedroht sind, auch aus tropischen W\u00e4ldern.<\/p>\n\n\n\n<h2 class=\"wp-block-heading\">Gemeinsam f\u00fcr W\u00e4lder und Klimaschutz<\/h2>\n\n\n\n<p class=\"wp-block-paragraph\">Laut einer Eurobarometer-Umfrage im Auftrag der EU-Kommission f\u00fchlen sich 77 Prozent der EU-B\u00fcrger pers\u00f6nlich verantwortlich, etwas zur Begrenzung des Klimawandels beizutragen. Angst vor dem Klimawandel haben dabei Frauen (74 Prozent) geringf\u00fcgig mehr als M\u00e4nner (66 Prozent). Jeder von uns kann seinen Beitrag f\u00fcr den Klimaschutz leisten! Wie? Wenn du im Wald unterwegs bist und Waldsch\u00e4den oder mehrere gef\u00e4llte B\u00e4ume siehst, dann kannst du deine Beobachtung direkt selbst im Mitmachportal <a href=\"https:\/\/waldreport.de\"><u>Waldreport.de<\/u><\/a> melden. Betrieben wird das Portal gemeinschaftlich von <a href=\"https:\/\/greenwire.greenpeace.de\/themengruppe-wald\/inhalt\/melde-waldschaeden-direkt-auf-waldreportde\"><u>Greenpeace e.V.<\/u><\/a>, der BundesB\u00fcrgerInitiative Waldschutz, der Naturwald Akademie gGmbH und Robin Wood. e.V.<\/p>\n\n\n\n<p class=\"wp-block-paragraph\">Vaia unterst\u00fctzt diese Initiative: Gemeinsam zum Schutz unserer W\u00e4lder!<\/p>\n\n\n\n<figure class=\"wp-block-image size-full\"><img decoding=\"async\" src=\"https:\/\/www.vaia.eu\/wp-content\/uploads\/2023\/03\/Greenpeace-waldreport-Naturwald.png\" alt=\"\" class=\"wp-image-273595\"\/><\/figure>\n","protected":false},"excerpt":{"rendered":"<p>Die Klimakonferenz und der Wald Die Klimakonferenz COP27 steht heute im Zeichen der biologischen Vielfalt. Es geht um die Frage, welche Auswirkungen die Klimakrise auf die Arten und ihre Lebensr\u00e4ume hat. In diesen Jahren haben wir besonders deutlich die Auswirkungen der Klimakrise auf die W\u00e4lder gemerkt: Hitze, D\u00fcrre und Waldbr\u00e4nde machten ihnen auf der ganzen [&hellip;]<\/p>\n","protected":false},"author":1,"featured_media":2088,"comment_status":"open","ping_status":"closed","sticky":false,"template":"","format":"standard","meta":{"_acf_changed":false,"_crdt_document":"","content-type":"","footnotes":""},"categories":[58],"tags":[],"class_list":["post-2077","post","type-post","status-publish","format-standard","has-post-thumbnail","hentry","category-klimawandel-und-nachhaltigkeit"],"acf":[],"yoast_head":"<!-- This site is optimized with the Yoast SEO plugin v27.4 - https:\/\/yoast.com\/product\/yoast-seo-wordpress\/ -->\n<title>Unsere W\u00e4lder: Entkr\u00e4ftete Klimahelfer | VAIA<\/title>\n<meta name=\"description\" content=\"Der Wald ist durch den Klimawandel gef\u00e4hrdet. Jeder von uns kann seinen Beitrag f\u00fcr den Klimaschutz leisten! Werde Teil der Vaia Community und schenke den Dolomiten ein zweites Leben!\" \/>\n<meta name=\"robots\" content=\"index, follow, max-snippet:-1, max-image-preview:large, max-video-preview:-1\" \/>\n<link rel=\"canonical\" href=\"https:\/\/www.vaia.eu\/de\/gemeinsam-wald-und-klima-schuetzen-vaia\/\" \/>\n<meta property=\"og:locale\" content=\"de_DE\" \/>\n<meta property=\"og:type\" content=\"article\" \/>\n<meta property=\"og:title\" content=\"Unsere W\u00e4lder: Entkr\u00e4ftete Klimahelfer | VAIA\" \/>\n<meta property=\"og:description\" content=\"Der Wald ist durch den Klimawandel gef\u00e4hrdet. Jeder von uns kann seinen Beitrag f\u00fcr den Klimaschutz leisten! Werde Teil der Vaia Community und schenke den Dolomiten ein zweites Leben!\" \/>\n<meta property=\"og:url\" content=\"https:\/\/www.vaia.eu\/de\/gemeinsam-wald-und-klima-schuetzen-vaia\/\" \/>\n<meta property=\"og:site_name\" content=\"VAIA\" \/>\n<meta property=\"article:publisher\" content=\"https:\/\/www.facebook.com\/therealvaia\/\" \/>\n<meta property=\"article:published_time\" content=\"2022-11-21T08:08:24+00:00\" \/>\n<meta property=\"article:modified_time\" content=\"2023-03-24T11:49:56+00:00\" \/>\n<meta property=\"og:image\" content=\"https:\/\/www.vaia.eu\/wp-content\/uploads\/2023\/03\/COP27-Wald-Klimawandel.png\" \/>\n\t<meta property=\"og:image:width\" content=\"910\" \/>\n\t<meta property=\"og:image:height\" content=\"507\" \/>\n\t<meta property=\"og:image:type\" content=\"image\/png\" \/>\n<meta name=\"author\" content=\"vaia_masterkey\" \/>\n<meta name=\"twitter:card\" content=\"summary_large_image\" \/>\n<meta name=\"twitter:label1\" content=\"Verfasst von\" \/>\n\t<meta name=\"twitter:data1\" content=\"vaia_masterkey\" \/>\n\t<meta name=\"twitter:label2\" content=\"Gesch\u00e4tzte Lesezeit\" \/>\n\t<meta name=\"twitter:data2\" content=\"4\u00a0Minuten\" \/>\n<script type=\"application\/ld+json\" class=\"yoast-schema-graph\">{\"@context\":\"https:\\\/\\\/schema.org\",\"@graph\":[{\"@type\":\"Article\",\"@id\":\"https:\\\/\\\/www.vaia.eu\\\/de\\\/gemeinsam-wald-und-klima-schuetzen-vaia\\\/#article\",\"isPartOf\":{\"@id\":\"https:\\\/\\\/www.vaia.eu\\\/de\\\/gemeinsam-wald-und-klima-schuetzen-vaia\\\/\"},\"author\":{\"name\":\"vaia_masterkey\",\"@id\":\"https:\\\/\\\/www.vaia.eu\\\/#\\\/schema\\\/person\\\/7950210e204be24cf11cf63518d2a71a\"},\"headline\":\"Unsere W\u00e4lder: Entkr\u00e4ftete Klimahelfer\",\"datePublished\":\"2022-11-21T08:08:24+00:00\",\"dateModified\":\"2023-03-24T11:49:56+00:00\",\"mainEntityOfPage\":{\"@id\":\"https:\\\/\\\/www.vaia.eu\\\/de\\\/gemeinsam-wald-und-klima-schuetzen-vaia\\\/\"},\"wordCount\":660,\"commentCount\":0,\"publisher\":{\"@id\":\"https:\\\/\\\/www.vaia.eu\\\/#organization\"},\"image\":{\"@id\":\"https:\\\/\\\/www.vaia.eu\\\/de\\\/gemeinsam-wald-und-klima-schuetzen-vaia\\\/#primaryimage\"},\"thumbnailUrl\":\"https:\\\/\\\/www.vaia.eu\\\/wp-content\\\/uploads\\\/2023\\\/03\\\/COP27-Wald-Klimawandel.png\",\"articleSection\":[\"Klimawandel und Nachhaltigkeit\"],\"inLanguage\":\"de\",\"potentialAction\":[{\"@type\":\"CommentAction\",\"name\":\"Comment\",\"target\":[\"https:\\\/\\\/www.vaia.eu\\\/de\\\/gemeinsam-wald-und-klima-schuetzen-vaia\\\/#respond\"]}]},{\"@type\":\"WebPage\",\"@id\":\"https:\\\/\\\/www.vaia.eu\\\/de\\\/gemeinsam-wald-und-klima-schuetzen-vaia\\\/\",\"url\":\"https:\\\/\\\/www.vaia.eu\\\/de\\\/gemeinsam-wald-und-klima-schuetzen-vaia\\\/\",\"name\":\"Unsere W\u00e4lder: Entkr\u00e4ftete Klimahelfer | VAIA\",\"isPartOf\":{\"@id\":\"https:\\\/\\\/www.vaia.eu\\\/#website\"},\"primaryImageOfPage\":{\"@id\":\"https:\\\/\\\/www.vaia.eu\\\/de\\\/gemeinsam-wald-und-klima-schuetzen-vaia\\\/#primaryimage\"},\"image\":{\"@id\":\"https:\\\/\\\/www.vaia.eu\\\/de\\\/gemeinsam-wald-und-klima-schuetzen-vaia\\\/#primaryimage\"},\"thumbnailUrl\":\"https:\\\/\\\/www.vaia.eu\\\/wp-content\\\/uploads\\\/2023\\\/03\\\/COP27-Wald-Klimawandel.png\",\"datePublished\":\"2022-11-21T08:08:24+00:00\",\"dateModified\":\"2023-03-24T11:49:56+00:00\",\"description\":\"Der Wald ist durch den Klimawandel gef\u00e4hrdet. Jeder von uns kann seinen Beitrag f\u00fcr den Klimaschutz leisten! Werde Teil der Vaia Community und schenke den Dolomiten ein zweites Leben!\",\"breadcrumb\":{\"@id\":\"https:\\\/\\\/www.vaia.eu\\\/de\\\/gemeinsam-wald-und-klima-schuetzen-vaia\\\/#breadcrumb\"},\"inLanguage\":\"de\",\"potentialAction\":[{\"@type\":\"ReadAction\",\"target\":[\"https:\\\/\\\/www.vaia.eu\\\/de\\\/gemeinsam-wald-und-klima-schuetzen-vaia\\\/\"]}]},{\"@type\":\"ImageObject\",\"inLanguage\":\"de\",\"@id\":\"https:\\\/\\\/www.vaia.eu\\\/de\\\/gemeinsam-wald-und-klima-schuetzen-vaia\\\/#primaryimage\",\"url\":\"https:\\\/\\\/www.vaia.eu\\\/wp-content\\\/uploads\\\/2023\\\/03\\\/COP27-Wald-Klimawandel.png\",\"contentUrl\":\"https:\\\/\\\/www.vaia.eu\\\/wp-content\\\/uploads\\\/2023\\\/03\\\/COP27-Wald-Klimawandel.png\",\"width\":910,\"height\":507},{\"@type\":\"BreadcrumbList\",\"@id\":\"https:\\\/\\\/www.vaia.eu\\\/de\\\/gemeinsam-wald-und-klima-schuetzen-vaia\\\/#breadcrumb\",\"itemListElement\":[{\"@type\":\"ListItem\",\"position\":1,\"name\":\"Home\",\"item\":\"https:\\\/\\\/www.vaia.eu\\\/de\\\/\"},{\"@type\":\"ListItem\",\"position\":2,\"name\":\"Unsere W\u00e4lder: Entkr\u00e4ftete Klimahelfer\"}]},{\"@type\":\"WebSite\",\"@id\":\"https:\\\/\\\/www.vaia.eu\\\/#website\",\"url\":\"https:\\\/\\\/www.vaia.eu\\\/\",\"name\":\"VAIA - Face what matters\",\"description\":\"Face What Matters\",\"publisher\":{\"@id\":\"https:\\\/\\\/www.vaia.eu\\\/#organization\"},\"potentialAction\":[{\"@type\":\"SearchAction\",\"target\":{\"@type\":\"EntryPoint\",\"urlTemplate\":\"https:\\\/\\\/www.vaia.eu\\\/?s={search_term_string}\"},\"query-input\":{\"@type\":\"PropertyValueSpecification\",\"valueRequired\":true,\"valueName\":\"search_term_string\"}}],\"inLanguage\":\"de\"},{\"@type\":\"Organization\",\"@id\":\"https:\\\/\\\/www.vaia.eu\\\/#organization\",\"name\":\"VAIA\",\"url\":\"https:\\\/\\\/www.vaia.eu\\\/\",\"logo\":{\"@type\":\"ImageObject\",\"inLanguage\":\"de\",\"@id\":\"https:\\\/\\\/www.vaia.eu\\\/#\\\/schema\\\/logo\\\/image\\\/\",\"url\":\"https:\\\/\\\/www.vaia.eu\\\/wp-content\\\/uploads\\\/2023\\\/12\\\/logo-vaia.svg\",\"contentUrl\":\"https:\\\/\\\/www.vaia.eu\\\/wp-content\\\/uploads\\\/2023\\\/12\\\/logo-vaia.svg\",\"width\":1000,\"height\":1000,\"caption\":\"VAIA\"},\"image\":{\"@id\":\"https:\\\/\\\/www.vaia.eu\\\/#\\\/schema\\\/logo\\\/image\\\/\"},\"sameAs\":[\"https:\\\/\\\/www.facebook.com\\\/therealvaia\\\/\",\"https:\\\/\\\/www.instagram.com\\\/therealvaia\\\/\",\"https:\\\/\\\/www.linkedin.com\\\/company\\\/vaiasrl\\\/\",\"https:\\\/\\\/www.youtube.com\\\/channel\\\/UCPtTJEh97yiEMm-vE_Ux3Aw\"]},{\"@type\":\"Person\",\"@id\":\"https:\\\/\\\/www.vaia.eu\\\/#\\\/schema\\\/person\\\/7950210e204be24cf11cf63518d2a71a\",\"name\":\"vaia_masterkey\",\"image\":{\"@type\":\"ImageObject\",\"inLanguage\":\"de\",\"@id\":\"https:\\\/\\\/secure.gravatar.com\\\/avatar\\\/9e62c6ff1d460dbc000be0cd95e92f6ed26155db09b4d3fbb9492bcd3df2bb75?s=96&d=mm&r=g\",\"url\":\"https:\\\/\\\/secure.gravatar.com\\\/avatar\\\/9e62c6ff1d460dbc000be0cd95e92f6ed26155db09b4d3fbb9492bcd3df2bb75?s=96&d=mm&r=g\",\"contentUrl\":\"https:\\\/\\\/secure.gravatar.com\\\/avatar\\\/9e62c6ff1d460dbc000be0cd95e92f6ed26155db09b4d3fbb9492bcd3df2bb75?s=96&d=mm&r=g\",\"caption\":\"vaia_masterkey\"},\"sameAs\":[\"https:\\\/\\\/www.vaia.eu\"]}]}<\/script>\n<!-- \/ Yoast SEO plugin. -->","yoast_head_json":{"title":"Unsere W\u00e4lder: Entkr\u00e4ftete Klimahelfer | VAIA","description":"Der Wald ist durch den Klimawandel gef\u00e4hrdet. Jeder von uns kann seinen Beitrag f\u00fcr den Klimaschutz leisten! Werde Teil der Vaia Community und schenke den Dolomiten ein zweites Leben!","robots":{"index":"index","follow":"follow","max-snippet":"max-snippet:-1","max-image-preview":"max-image-preview:large","max-video-preview":"max-video-preview:-1"},"canonical":"https:\/\/www.vaia.eu\/de\/gemeinsam-wald-und-klima-schuetzen-vaia\/","og_locale":"de_DE","og_type":"article","og_title":"Unsere W\u00e4lder: Entkr\u00e4ftete Klimahelfer | VAIA","og_description":"Der Wald ist durch den Klimawandel gef\u00e4hrdet. Jeder von uns kann seinen Beitrag f\u00fcr den Klimaschutz leisten! Werde Teil der Vaia Community und schenke den Dolomiten ein zweites Leben!","og_url":"https:\/\/www.vaia.eu\/de\/gemeinsam-wald-und-klima-schuetzen-vaia\/","og_site_name":"VAIA","article_publisher":"https:\/\/www.facebook.com\/therealvaia\/","article_published_time":"2022-11-21T08:08:24+00:00","article_modified_time":"2023-03-24T11:49:56+00:00","og_image":[{"width":910,"height":507,"url":"https:\/\/www.vaia.eu\/wp-content\/uploads\/2023\/03\/COP27-Wald-Klimawandel.png","type":"image\/png"}],"author":"vaia_masterkey","twitter_card":"summary_large_image","twitter_misc":{"Verfasst von":"vaia_masterkey","Gesch\u00e4tzte Lesezeit":"4\u00a0Minuten"},"schema":{"@context":"https:\/\/schema.org","@graph":[{"@type":"Article","@id":"https:\/\/www.vaia.eu\/de\/gemeinsam-wald-und-klima-schuetzen-vaia\/#article","isPartOf":{"@id":"https:\/\/www.vaia.eu\/de\/gemeinsam-wald-und-klima-schuetzen-vaia\/"},"author":{"name":"vaia_masterkey","@id":"https:\/\/www.vaia.eu\/#\/schema\/person\/7950210e204be24cf11cf63518d2a71a"},"headline":"Unsere W\u00e4lder: Entkr\u00e4ftete Klimahelfer","datePublished":"2022-11-21T08:08:24+00:00","dateModified":"2023-03-24T11:49:56+00:00","mainEntityOfPage":{"@id":"https:\/\/www.vaia.eu\/de\/gemeinsam-wald-und-klima-schuetzen-vaia\/"},"wordCount":660,"commentCount":0,"publisher":{"@id":"https:\/\/www.vaia.eu\/#organization"},"image":{"@id":"https:\/\/www.vaia.eu\/de\/gemeinsam-wald-und-klima-schuetzen-vaia\/#primaryimage"},"thumbnailUrl":"https:\/\/www.vaia.eu\/wp-content\/uploads\/2023\/03\/COP27-Wald-Klimawandel.png","articleSection":["Klimawandel und Nachhaltigkeit"],"inLanguage":"de","potentialAction":[{"@type":"CommentAction","name":"Comment","target":["https:\/\/www.vaia.eu\/de\/gemeinsam-wald-und-klima-schuetzen-vaia\/#respond"]}]},{"@type":"WebPage","@id":"https:\/\/www.vaia.eu\/de\/gemeinsam-wald-und-klima-schuetzen-vaia\/","url":"https:\/\/www.vaia.eu\/de\/gemeinsam-wald-und-klima-schuetzen-vaia\/","name":"Unsere W\u00e4lder: Entkr\u00e4ftete Klimahelfer | VAIA","isPartOf":{"@id":"https:\/\/www.vaia.eu\/#website"},"primaryImageOfPage":{"@id":"https:\/\/www.vaia.eu\/de\/gemeinsam-wald-und-klima-schuetzen-vaia\/#primaryimage"},"image":{"@id":"https:\/\/www.vaia.eu\/de\/gemeinsam-wald-und-klima-schuetzen-vaia\/#primaryimage"},"thumbnailUrl":"https:\/\/www.vaia.eu\/wp-content\/uploads\/2023\/03\/COP27-Wald-Klimawandel.png","datePublished":"2022-11-21T08:08:24+00:00","dateModified":"2023-03-24T11:49:56+00:00","description":"Der Wald ist durch den Klimawandel gef\u00e4hrdet. Jeder von uns kann seinen Beitrag f\u00fcr den Klimaschutz leisten! Werde Teil der Vaia Community und schenke den Dolomiten ein zweites Leben!","breadcrumb":{"@id":"https:\/\/www.vaia.eu\/de\/gemeinsam-wald-und-klima-schuetzen-vaia\/#breadcrumb"},"inLanguage":"de","potentialAction":[{"@type":"ReadAction","target":["https:\/\/www.vaia.eu\/de\/gemeinsam-wald-und-klima-schuetzen-vaia\/"]}]},{"@type":"ImageObject","inLanguage":"de","@id":"https:\/\/www.vaia.eu\/de\/gemeinsam-wald-und-klima-schuetzen-vaia\/#primaryimage","url":"https:\/\/www.vaia.eu\/wp-content\/uploads\/2023\/03\/COP27-Wald-Klimawandel.png","contentUrl":"https:\/\/www.vaia.eu\/wp-content\/uploads\/2023\/03\/COP27-Wald-Klimawandel.png","width":910,"height":507},{"@type":"BreadcrumbList","@id":"https:\/\/www.vaia.eu\/de\/gemeinsam-wald-und-klima-schuetzen-vaia\/#breadcrumb","itemListElement":[{"@type":"ListItem","position":1,"name":"Home","item":"https:\/\/www.vaia.eu\/de\/"},{"@type":"ListItem","position":2,"name":"Unsere W\u00e4lder: Entkr\u00e4ftete Klimahelfer"}]},{"@type":"WebSite","@id":"https:\/\/www.vaia.eu\/#website","url":"https:\/\/www.vaia.eu\/","name":"VAIA - Face what matters","description":"Face What Matters","publisher":{"@id":"https:\/\/www.vaia.eu\/#organization"},"potentialAction":[{"@type":"SearchAction","target":{"@type":"EntryPoint","urlTemplate":"https:\/\/www.vaia.eu\/?s={search_term_string}"},"query-input":{"@type":"PropertyValueSpecification","valueRequired":true,"valueName":"search_term_string"}}],"inLanguage":"de"},{"@type":"Organization","@id":"https:\/\/www.vaia.eu\/#organization","name":"VAIA","url":"https:\/\/www.vaia.eu\/","logo":{"@type":"ImageObject","inLanguage":"de","@id":"https:\/\/www.vaia.eu\/#\/schema\/logo\/image\/","url":"https:\/\/www.vaia.eu\/wp-content\/uploads\/2023\/12\/logo-vaia.svg","contentUrl":"https:\/\/www.vaia.eu\/wp-content\/uploads\/2023\/12\/logo-vaia.svg","width":1000,"height":1000,"caption":"VAIA"},"image":{"@id":"https:\/\/www.vaia.eu\/#\/schema\/logo\/image\/"},"sameAs":["https:\/\/www.facebook.com\/therealvaia\/","https:\/\/www.instagram.com\/therealvaia\/","https:\/\/www.linkedin.com\/company\/vaiasrl\/","https:\/\/www.youtube.com\/channel\/UCPtTJEh97yiEMm-vE_Ux3Aw"]},{"@type":"Person","@id":"https:\/\/www.vaia.eu\/#\/schema\/person\/7950210e204be24cf11cf63518d2a71a","name":"vaia_masterkey","image":{"@type":"ImageObject","inLanguage":"de","@id":"https:\/\/secure.gravatar.com\/avatar\/9e62c6ff1d460dbc000be0cd95e92f6ed26155db09b4d3fbb9492bcd3df2bb75?s=96&d=mm&r=g","url":"https:\/\/secure.gravatar.com\/avatar\/9e62c6ff1d460dbc000be0cd95e92f6ed26155db09b4d3fbb9492bcd3df2bb75?s=96&d=mm&r=g","contentUrl":"https:\/\/secure.gravatar.com\/avatar\/9e62c6ff1d460dbc000be0cd95e92f6ed26155db09b4d3fbb9492bcd3df2bb75?s=96&d=mm&r=g","caption":"vaia_masterkey"},"sameAs":["https:\/\/www.vaia.eu"]}]}},"_links":{"self":[{"href":"https:\/\/www.vaia.eu\/de\/wp-json\/wp\/v2\/posts\/2077","targetHints":{"allow":["GET"]}}],"collection":[{"href":"https:\/\/www.vaia.eu\/de\/wp-json\/wp\/v2\/posts"}],"about":[{"href":"https:\/\/www.vaia.eu\/de\/wp-json\/wp\/v2\/types\/post"}],"author":[{"embeddable":true,"href":"https:\/\/www.vaia.eu\/de\/wp-json\/wp\/v2\/users\/1"}],"replies":[{"embeddable":true,"href":"https:\/\/www.vaia.eu\/de\/wp-json\/wp\/v2\/comments?post=2077"}],"version-history":[{"count":0,"href":"https:\/\/www.vaia.eu\/de\/wp-json\/wp\/v2\/posts\/2077\/revisions"}],"wp:featuredmedia":[{"embeddable":true,"href":"https:\/\/www.vaia.eu\/de\/wp-json\/wp\/v2\/media\/2088"}],"wp:attachment":[{"href":"https:\/\/www.vaia.eu\/de\/wp-json\/wp\/v2\/media?parent=2077"}],"wp:term":[{"taxonomy":"category","embeddable":true,"href":"https:\/\/www.vaia.eu\/de\/wp-json\/wp\/v2\/categories?post=2077"},{"taxonomy":"post_tag","embeddable":true,"href":"https:\/\/www.vaia.eu\/de\/wp-json\/wp\/v2\/tags?post=2077"}],"curies":[{"name":"wp","href":"https:\/\/api.w.org\/{rel}","templated":true}]}}