{"id":4331,"date":"2019-08-13T03:33:18","date_gmt":"2019-08-13T01:33:18","guid":{"rendered":"https:\/\/www.vaia.eu\/un-anno-dalla-tempesta-vaia\/"},"modified":"2023-12-01T17:04:36","modified_gmt":"2023-12-01T16:04:36","slug":"un-anno-dalla-tempesta-vaia","status":"publish","type":"post","link":"https:\/\/www.vaia.eu\/de\/un-anno-dalla-tempesta-vaia\/","title":{"rendered":"Ein Jahr nach dem VAIA-Sturm"},"content":{"rendered":"\n<p class=\"wp-block-paragraph\">In der Nacht vom 28. auf den 29. Oktober 2018 kollidierte der Atlantikwind mit dem Schirokko und verursachte ein seltenes Klimatief.<\/p>\n\n\n\n<p class=\"wp-block-paragraph\">Der Wirbelsturm mit dem Namen &#8222;Vaia&#8220; traf Norditalien und konzentrierte sich auf die Trentiner Alpen, den Triveneto, die Voralpen und Teile der \u00f6stlichen Lombardei.<\/p>\n\n\n\n<p class=\"wp-block-paragraph\">Sie wurde von der Sisef (Italienische Gesellschaft f\u00fcr Waldbau und Wald\u00f6kologie) als &lt;&lt;ein beispielloses Ph\u00e4nomen, der letzten 50 Jahre&gt;&gt; definiert.<\/p>\n\n\n\n<p class=\"wp-block-paragraph\">Sein Durchgang zerrei\u00dft das alpine \u00d6kosystem. Insgesamt gibt es 8,7 Millionen Kubikmeter abgest\u00fcrztes Holz und das auf einer Fl\u00e4che von mehr als 41.000 ha.<\/p>\n\n\n\n<p class=\"wp-block-paragraph\">Die Winde erreichten Spitzenwerte von 200 km\/h, und allein 800 cm Niederschlag \u00fcbertrafen das Hochwasser von 1966.<\/p>\n\n\n\n<p class=\"wp-block-paragraph\">Das Tiefdruckgebiet geh\u00f6rt zum allgemeinen Ph\u00e4nomen des schlechten Wetters \u00fcber Italien im Oktober-November 2018.<\/p>\n\n\n\n<p class=\"wp-block-paragraph\">Der Schaden wird auf insgesamt fast 3 Milliarden (2.809.400.000) gesch\u00e4tzt.&nbsp;<\/p>\n\n\n\n<p class=\"wp-block-paragraph\">Ein in Italien noch nie dagewesenes Ph\u00e4nomen, das einen Einschnitt in die Geschichte unseres Landes darstellt.<\/p>\n\n\n\n<h2 class=\"wp-block-heading\"><strong>Die andere Seite des Klimawandels<\/strong><\/h2>\n\n\n\n<p class=\"wp-block-paragraph\">Seit dem Sturm ist nun ein Jahr vergangen, und es ist immer noch schwierig, eine Bilanz der tats\u00e4chlichen Sch\u00e4den zu ziehen, die durch den Durchzug dieses Mittelmeer-Wirbelsturms verursacht wurden.<\/p>\n\n\n\n<p class=\"wp-block-paragraph\">Die Teile des Waldes, die die gr\u00f6\u00dfte Gefahr darstellten, sind inzwischen gerodet und die gr\u00f6\u00dften Sch\u00e4den an der Infrastruktur einged\u00e4mmt worden.<\/p>\n\n\n\n<p class=\"wp-block-paragraph\">Sch\u00e4tzungsweise 40 Prozent der abgest\u00fcrzten B\u00e4ume warten jedoch noch auf ihre Bergung. Eine l\u00e4ngere Wartezeit w\u00fcrde zu einer weiteren Abwertung des Kubikmeterpreises f\u00fchren, der unmittelbar nach der Katastrophe bereits auf ein Zehntel des Marktpreises gefallen war.<\/p>\n\n\n\n<p class=\"wp-block-paragraph\">Ganz zu schweigen von den Kosten f\u00fcr die Gemeinden. Die betroffenen W\u00e4lder werden mehrere Jahrzehnte, wenn nicht Jahrhunderte, brauchen, um ihre urspr\u00fcngliche Form wiederherzustellen.<\/p>\n\n\n\n<p class=\"wp-block-paragraph\"><strong>Zeitraffer des Ereignisses:<\/strong><\/p>\n\n\n\n<p class=\"wp-block-paragraph\">Der VAIA-Zyklon ist nur ein Ausdruck des fortschreitenden Klimawandels, der sich in Zukunft immer st\u00e4rker ausbreiten wird.<\/p>\n\n\n\n<p class=\"wp-block-paragraph\">Angesichts dieser Tatsache und der zerrissenen Alpenlandschaften ist es leicht, Mutlosigkeit und Verzweiflung zu empfinden.<\/p>\n\n\n\n<p class=\"wp-block-paragraph\">Man kann sich jedoch daf\u00fcr entscheiden, die Resilienz zu nutzen und aus diesen Ereignissen Lehren zu ziehen, um Pr\u00e4ventions- und Umweltschutzpl\u00e4ne umzusetzen.<\/p>\n\n\n\n<p class=\"wp-block-paragraph\">Katastrophen k\u00f6nnen zu neuen Chancen f\u00fcr soziales, \u00f6kologisches und wirtschaftliches Wachstum werden.<\/p>\n\n\n\n<p class=\"wp-block-paragraph\">Die betroffenen Gebiete haben von Anfang an gro\u00dfe Widerstandsf\u00e4higkeit bewiesen, indem sie kooperative Ma\u00dfnahmen und innovative Pl\u00e4ne zur Erholung von der Katastrophe umgesetzt haben.<\/p>\n\n\n\n<p class=\"wp-block-paragraph\">In den Monaten danach hat Pefc beispielsweise die &#8222;Solidarit\u00e4tskette&#8220; zur Unterst\u00fctzung der betroffenen Gebiete ins Leben gerufen.&nbsp;<\/p>\n\n\n\n<p class=\"wp-block-paragraph\">Die durchgef\u00fchrten Projekte umfassen zahlreiche Ma\u00dfnahmen, die direkt vor Ort wirken.<\/p>\n\n\n\n<p class=\"wp-block-paragraph\">Dazu geh\u00f6rten das Sammeln und Verkaufen der Spitzen gro\u00dfer umgest\u00fcrzter Nadelb\u00e4ume als Weihnachtsb\u00e4ume. Der Reinerl\u00f6s wurde in Setzlinge investiert.<\/p>\n\n\n\n<p class=\"wp-block-paragraph\">Die Schaffung einer solidarischen und zertifizierten Lieferkette erm\u00f6glicht es, die Holzernte zu rationalisieren und zu beschleunigen, die andernfalls verloren ginge, wodurch die Verluste f\u00fcr die Eigent\u00fcmer minimiert und die Sicherheit f\u00fcr die Arbeiter erh\u00f6ht werden.<\/p>\n\n\n\n<p class=\"wp-block-paragraph\">Die Verabschiedung von VAIA ist keine zuf\u00e4llige Katastrophe: Sie ist eine Botschaft, ein Signal des Leidens, das das kollektive Gewissen aufr\u00fctteln soll.<\/p>\n\n\n\n<p class=\"wp-block-paragraph\">Eine Warnung, die uns zwingt, unsere Beziehung zur Umwelt zu \u00fcberdenken.<\/p>\n\n\n\n<p class=\"wp-block-paragraph\">Wir m\u00fcssen einen Wechsel von einer Perspektive der Ausbeutung zu einer Perspektive der Synergie und der R\u00fcckf\u00fchrung von Ressourcen vollziehen.<\/p>\n\n\n\n<p class=\"wp-block-paragraph\">Wir m\u00fcssen nur auf diesen Ruf h\u00f6ren und dem Wind der Ver\u00e4nderung folgen, hin zu einer nachhaltigeren Welt.<\/p>\n\n\n\n<h3 class=\"wp-block-heading\">Neugierde: Warum der Name &#8218;Vaia&#8216;?<\/h3>\n\n\n\n<p class=\"wp-block-paragraph\">Vielleicht ist Ihnen aufgefallen, dass atmosph\u00e4rische Ph\u00e4nomene oft mit einem Namen versehen werden, so als ob man ihnen eine Identit\u00e4t geben wollte. Es ist interessant zu verstehen, wie das funktioniert und warum diese Tradition entstanden ist.&nbsp;<\/p>\n\n\n\n<p class=\"wp-block-paragraph\">Auch wenn sie willk\u00fcrlich erscheinen m\u00f6gen, werden die Namen nach einer Liste von &#8222;Reservierungen&#8220; ausgew\u00e4hlt, zu denen die \u00d6ffentlichkeit Zugang hat, indem sie ihren eigenen Platz kauft.<\/p>\n\n\n\n<p class=\"wp-block-paragraph\">Nach diesem System werden die Namen in alphabetischer Reihenfolge verteilt und jedem Ereignis zyklisch, beginnend mit dem ersten Buchstaben, zugeordnet.<\/p>\n\n\n\n<p class=\"wp-block-paragraph\">Traditionell entscheidet in Europa vor allem das Institut f\u00fcr Meteorologie an der Freien Universit\u00e4t Berlin \u00fcber die Namen von Wetterereignissen.<\/p>\n\n\n\n<p class=\"wp-block-paragraph\">Sie werden in Wirbelst\u00fcrme (Niederdruck) und Hochdruckgebiete (Antizyklone) unterteilt.<\/p>\n\n\n\n<p class=\"wp-block-paragraph\">Der Preis f\u00fcr einen Niederdruckbereich liegt bei 299 Euro, der f\u00fcr den Hochdruckbereich bei 199 Euro.<\/p>\n\n\n\n<p class=\"wp-block-paragraph\">Das Verfahren entstand als originelle Fundraising-L\u00f6sung zur Finanzierung der wissenschaftlichen Forschung des Ministeriums nach den Mittelk\u00fcrzungen von 2002 (die f\u00fcr eine nachhaltige und wirksame Forschung erforderlichen wurden drastisch gek\u00fcrzt).<\/p>\n\n\n\n<p class=\"wp-block-paragraph\">Der Zyklon wurde nach VAIA Jakobs, Managerin eines multinationalen Konzerns in D\u00fcsseldorf, benannt. Ihr Bruder wollte sie mit diesem originellen Geschenk \u00fcberraschen.<\/p>\n","protected":false},"excerpt":{"rendered":"<p>In der Nacht vom 28. auf den 29. Oktober 2018 kollidierte der Atlantikwind mit dem Schirokko und verursachte ein seltenes Klimatief. Der Wirbelsturm mit dem Namen &#8222;Vaia&#8220; traf Norditalien und konzentrierte sich auf die Trentiner Alpen, den Triveneto, die Voralpen und Teile der \u00f6stlichen Lombardei. Sie wurde von der Sisef (Italienische Gesellschaft f\u00fcr Waldbau und [&hellip;]<\/p>\n","protected":false},"author":1,"featured_media":0,"comment_status":"closed","ping_status":"closed","sticky":false,"template":"","format":"standard","meta":{"_acf_changed":false,"_crdt_document":"","content-type":"","footnotes":""},"categories":[94],"tags":[],"class_list":["post-4331","post","type-post","status-publish","format-standard","hentry","category-la-tempesta-vaia-de"],"acf":[],"yoast_head":"<!-- This site is optimized with the Yoast SEO plugin v27.4 - https:\/\/yoast.com\/product\/yoast-seo-wordpress\/ -->\n<title>Ein Jahr nach dem VAIA-Sturm | VAIA<\/title>\n<meta name=\"description\" content=\"Nella notte tra il 28 e il 29 Ottobre 2018 Il ciclone \u201cVaia\u201d si abbatte sul nord Italia causando enormi danni sui territori colpiti. Scopri cos&#039;\u00e8 successo.\" \/>\n<meta name=\"robots\" content=\"index, follow, max-snippet:-1, max-image-preview:large, max-video-preview:-1\" \/>\n<link rel=\"canonical\" href=\"https:\/\/www.vaia.eu\/de\/un-anno-dalla-tempesta-vaia\/\" \/>\n<meta property=\"og:locale\" content=\"de_DE\" \/>\n<meta property=\"og:type\" content=\"article\" \/>\n<meta property=\"og:title\" content=\"Ein Jahr nach dem VAIA-Sturm | VAIA\" \/>\n<meta property=\"og:description\" content=\"Nella notte tra il 28 e il 29 Ottobre 2018 Il ciclone \u201cVaia\u201d si abbatte sul nord Italia causando enormi danni sui territori colpiti. Scopri cos&#039;\u00e8 successo.\" \/>\n<meta property=\"og:url\" content=\"https:\/\/www.vaia.eu\/de\/un-anno-dalla-tempesta-vaia\/\" \/>\n<meta property=\"og:site_name\" content=\"VAIA\" \/>\n<meta property=\"article:publisher\" content=\"https:\/\/www.facebook.com\/therealvaia\/\" \/>\n<meta property=\"article:published_time\" content=\"2019-08-13T01:33:18+00:00\" \/>\n<meta property=\"article:modified_time\" content=\"2023-12-01T16:04:36+00:00\" \/>\n<meta name=\"author\" content=\"vaia_masterkey\" \/>\n<meta name=\"twitter:card\" content=\"summary_large_image\" \/>\n<meta name=\"twitter:label1\" content=\"Verfasst von\" \/>\n\t<meta name=\"twitter:data1\" content=\"vaia_masterkey\" \/>\n\t<meta name=\"twitter:label2\" content=\"Gesch\u00e4tzte Lesezeit\" \/>\n\t<meta name=\"twitter:data2\" content=\"4\u00a0Minuten\" \/>\n<script type=\"application\/ld+json\" class=\"yoast-schema-graph\">{\"@context\":\"https:\\\/\\\/schema.org\",\"@graph\":[{\"@type\":\"Article\",\"@id\":\"https:\\\/\\\/www.vaia.eu\\\/de\\\/un-anno-dalla-tempesta-vaia\\\/#article\",\"isPartOf\":{\"@id\":\"https:\\\/\\\/www.vaia.eu\\\/de\\\/un-anno-dalla-tempesta-vaia\\\/\"},\"author\":{\"name\":\"vaia_masterkey\",\"@id\":\"https:\\\/\\\/www.vaia.eu\\\/#\\\/schema\\\/person\\\/7950210e204be24cf11cf63518d2a71a\"},\"headline\":\"Ein Jahr nach dem VAIA-Sturm\",\"datePublished\":\"2019-08-13T01:33:18+00:00\",\"dateModified\":\"2023-12-01T16:04:36+00:00\",\"mainEntityOfPage\":{\"@id\":\"https:\\\/\\\/www.vaia.eu\\\/de\\\/un-anno-dalla-tempesta-vaia\\\/\"},\"wordCount\":762,\"publisher\":{\"@id\":\"https:\\\/\\\/www.vaia.eu\\\/#organization\"},\"articleSection\":[\"La tempesta Vaia\"],\"inLanguage\":\"de\"},{\"@type\":\"WebPage\",\"@id\":\"https:\\\/\\\/www.vaia.eu\\\/de\\\/un-anno-dalla-tempesta-vaia\\\/\",\"url\":\"https:\\\/\\\/www.vaia.eu\\\/de\\\/un-anno-dalla-tempesta-vaia\\\/\",\"name\":\"Ein Jahr nach dem VAIA-Sturm | VAIA\",\"isPartOf\":{\"@id\":\"https:\\\/\\\/www.vaia.eu\\\/#website\"},\"datePublished\":\"2019-08-13T01:33:18+00:00\",\"dateModified\":\"2023-12-01T16:04:36+00:00\",\"description\":\"Nella notte tra il 28 e il 29 Ottobre 2018 Il ciclone \u201cVaia\u201d si abbatte sul nord Italia causando enormi danni sui territori colpiti. Scopri cos'\u00e8 successo.\",\"breadcrumb\":{\"@id\":\"https:\\\/\\\/www.vaia.eu\\\/de\\\/un-anno-dalla-tempesta-vaia\\\/#breadcrumb\"},\"inLanguage\":\"de\",\"potentialAction\":[{\"@type\":\"ReadAction\",\"target\":[\"https:\\\/\\\/www.vaia.eu\\\/de\\\/un-anno-dalla-tempesta-vaia\\\/\"]}]},{\"@type\":\"BreadcrumbList\",\"@id\":\"https:\\\/\\\/www.vaia.eu\\\/de\\\/un-anno-dalla-tempesta-vaia\\\/#breadcrumb\",\"itemListElement\":[{\"@type\":\"ListItem\",\"position\":1,\"name\":\"Home\",\"item\":\"https:\\\/\\\/www.vaia.eu\\\/de\\\/\"},{\"@type\":\"ListItem\",\"position\":2,\"name\":\"Ein Jahr nach dem VAIA-Sturm\"}]},{\"@type\":\"WebSite\",\"@id\":\"https:\\\/\\\/www.vaia.eu\\\/#website\",\"url\":\"https:\\\/\\\/www.vaia.eu\\\/\",\"name\":\"VAIA - Face what matters\",\"description\":\"Face What Matters\",\"publisher\":{\"@id\":\"https:\\\/\\\/www.vaia.eu\\\/#organization\"},\"potentialAction\":[{\"@type\":\"SearchAction\",\"target\":{\"@type\":\"EntryPoint\",\"urlTemplate\":\"https:\\\/\\\/www.vaia.eu\\\/?s={search_term_string}\"},\"query-input\":{\"@type\":\"PropertyValueSpecification\",\"valueRequired\":true,\"valueName\":\"search_term_string\"}}],\"inLanguage\":\"de\"},{\"@type\":\"Organization\",\"@id\":\"https:\\\/\\\/www.vaia.eu\\\/#organization\",\"name\":\"VAIA\",\"url\":\"https:\\\/\\\/www.vaia.eu\\\/\",\"logo\":{\"@type\":\"ImageObject\",\"inLanguage\":\"de\",\"@id\":\"https:\\\/\\\/www.vaia.eu\\\/#\\\/schema\\\/logo\\\/image\\\/\",\"url\":\"https:\\\/\\\/www.vaia.eu\\\/wp-content\\\/uploads\\\/2023\\\/12\\\/logo-vaia.svg\",\"contentUrl\":\"https:\\\/\\\/www.vaia.eu\\\/wp-content\\\/uploads\\\/2023\\\/12\\\/logo-vaia.svg\",\"width\":1000,\"height\":1000,\"caption\":\"VAIA\"},\"image\":{\"@id\":\"https:\\\/\\\/www.vaia.eu\\\/#\\\/schema\\\/logo\\\/image\\\/\"},\"sameAs\":[\"https:\\\/\\\/www.facebook.com\\\/therealvaia\\\/\",\"https:\\\/\\\/www.instagram.com\\\/therealvaia\\\/\",\"https:\\\/\\\/www.linkedin.com\\\/company\\\/vaiasrl\\\/\",\"https:\\\/\\\/www.youtube.com\\\/channel\\\/UCPtTJEh97yiEMm-vE_Ux3Aw\"]},{\"@type\":\"Person\",\"@id\":\"https:\\\/\\\/www.vaia.eu\\\/#\\\/schema\\\/person\\\/7950210e204be24cf11cf63518d2a71a\",\"name\":\"vaia_masterkey\",\"image\":{\"@type\":\"ImageObject\",\"inLanguage\":\"de\",\"@id\":\"https:\\\/\\\/secure.gravatar.com\\\/avatar\\\/9e62c6ff1d460dbc000be0cd95e92f6ed26155db09b4d3fbb9492bcd3df2bb75?s=96&d=mm&r=g\",\"url\":\"https:\\\/\\\/secure.gravatar.com\\\/avatar\\\/9e62c6ff1d460dbc000be0cd95e92f6ed26155db09b4d3fbb9492bcd3df2bb75?s=96&d=mm&r=g\",\"contentUrl\":\"https:\\\/\\\/secure.gravatar.com\\\/avatar\\\/9e62c6ff1d460dbc000be0cd95e92f6ed26155db09b4d3fbb9492bcd3df2bb75?s=96&d=mm&r=g\",\"caption\":\"vaia_masterkey\"},\"sameAs\":[\"https:\\\/\\\/www.vaia.eu\"]}]}<\/script>\n<!-- \/ Yoast SEO plugin. -->","yoast_head_json":{"title":"Ein Jahr nach dem VAIA-Sturm | VAIA","description":"Nella notte tra il 28 e il 29 Ottobre 2018 Il ciclone \u201cVaia\u201d si abbatte sul nord Italia causando enormi danni sui territori colpiti. Scopri cos'\u00e8 successo.","robots":{"index":"index","follow":"follow","max-snippet":"max-snippet:-1","max-image-preview":"max-image-preview:large","max-video-preview":"max-video-preview:-1"},"canonical":"https:\/\/www.vaia.eu\/de\/un-anno-dalla-tempesta-vaia\/","og_locale":"de_DE","og_type":"article","og_title":"Ein Jahr nach dem VAIA-Sturm | VAIA","og_description":"Nella notte tra il 28 e il 29 Ottobre 2018 Il ciclone \u201cVaia\u201d si abbatte sul nord Italia causando enormi danni sui territori colpiti. Scopri cos'\u00e8 successo.","og_url":"https:\/\/www.vaia.eu\/de\/un-anno-dalla-tempesta-vaia\/","og_site_name":"VAIA","article_publisher":"https:\/\/www.facebook.com\/therealvaia\/","article_published_time":"2019-08-13T01:33:18+00:00","article_modified_time":"2023-12-01T16:04:36+00:00","author":"vaia_masterkey","twitter_card":"summary_large_image","twitter_misc":{"Verfasst von":"vaia_masterkey","Gesch\u00e4tzte Lesezeit":"4\u00a0Minuten"},"schema":{"@context":"https:\/\/schema.org","@graph":[{"@type":"Article","@id":"https:\/\/www.vaia.eu\/de\/un-anno-dalla-tempesta-vaia\/#article","isPartOf":{"@id":"https:\/\/www.vaia.eu\/de\/un-anno-dalla-tempesta-vaia\/"},"author":{"name":"vaia_masterkey","@id":"https:\/\/www.vaia.eu\/#\/schema\/person\/7950210e204be24cf11cf63518d2a71a"},"headline":"Ein Jahr nach dem VAIA-Sturm","datePublished":"2019-08-13T01:33:18+00:00","dateModified":"2023-12-01T16:04:36+00:00","mainEntityOfPage":{"@id":"https:\/\/www.vaia.eu\/de\/un-anno-dalla-tempesta-vaia\/"},"wordCount":762,"publisher":{"@id":"https:\/\/www.vaia.eu\/#organization"},"articleSection":["La tempesta Vaia"],"inLanguage":"de"},{"@type":"WebPage","@id":"https:\/\/www.vaia.eu\/de\/un-anno-dalla-tempesta-vaia\/","url":"https:\/\/www.vaia.eu\/de\/un-anno-dalla-tempesta-vaia\/","name":"Ein Jahr nach dem VAIA-Sturm | VAIA","isPartOf":{"@id":"https:\/\/www.vaia.eu\/#website"},"datePublished":"2019-08-13T01:33:18+00:00","dateModified":"2023-12-01T16:04:36+00:00","description":"Nella notte tra il 28 e il 29 Ottobre 2018 Il ciclone \u201cVaia\u201d si abbatte sul nord Italia causando enormi danni sui territori colpiti. Scopri cos'\u00e8 successo.","breadcrumb":{"@id":"https:\/\/www.vaia.eu\/de\/un-anno-dalla-tempesta-vaia\/#breadcrumb"},"inLanguage":"de","potentialAction":[{"@type":"ReadAction","target":["https:\/\/www.vaia.eu\/de\/un-anno-dalla-tempesta-vaia\/"]}]},{"@type":"BreadcrumbList","@id":"https:\/\/www.vaia.eu\/de\/un-anno-dalla-tempesta-vaia\/#breadcrumb","itemListElement":[{"@type":"ListItem","position":1,"name":"Home","item":"https:\/\/www.vaia.eu\/de\/"},{"@type":"ListItem","position":2,"name":"Ein Jahr nach dem VAIA-Sturm"}]},{"@type":"WebSite","@id":"https:\/\/www.vaia.eu\/#website","url":"https:\/\/www.vaia.eu\/","name":"VAIA - Face what matters","description":"Face What Matters","publisher":{"@id":"https:\/\/www.vaia.eu\/#organization"},"potentialAction":[{"@type":"SearchAction","target":{"@type":"EntryPoint","urlTemplate":"https:\/\/www.vaia.eu\/?s={search_term_string}"},"query-input":{"@type":"PropertyValueSpecification","valueRequired":true,"valueName":"search_term_string"}}],"inLanguage":"de"},{"@type":"Organization","@id":"https:\/\/www.vaia.eu\/#organization","name":"VAIA","url":"https:\/\/www.vaia.eu\/","logo":{"@type":"ImageObject","inLanguage":"de","@id":"https:\/\/www.vaia.eu\/#\/schema\/logo\/image\/","url":"https:\/\/www.vaia.eu\/wp-content\/uploads\/2023\/12\/logo-vaia.svg","contentUrl":"https:\/\/www.vaia.eu\/wp-content\/uploads\/2023\/12\/logo-vaia.svg","width":1000,"height":1000,"caption":"VAIA"},"image":{"@id":"https:\/\/www.vaia.eu\/#\/schema\/logo\/image\/"},"sameAs":["https:\/\/www.facebook.com\/therealvaia\/","https:\/\/www.instagram.com\/therealvaia\/","https:\/\/www.linkedin.com\/company\/vaiasrl\/","https:\/\/www.youtube.com\/channel\/UCPtTJEh97yiEMm-vE_Ux3Aw"]},{"@type":"Person","@id":"https:\/\/www.vaia.eu\/#\/schema\/person\/7950210e204be24cf11cf63518d2a71a","name":"vaia_masterkey","image":{"@type":"ImageObject","inLanguage":"de","@id":"https:\/\/secure.gravatar.com\/avatar\/9e62c6ff1d460dbc000be0cd95e92f6ed26155db09b4d3fbb9492bcd3df2bb75?s=96&d=mm&r=g","url":"https:\/\/secure.gravatar.com\/avatar\/9e62c6ff1d460dbc000be0cd95e92f6ed26155db09b4d3fbb9492bcd3df2bb75?s=96&d=mm&r=g","contentUrl":"https:\/\/secure.gravatar.com\/avatar\/9e62c6ff1d460dbc000be0cd95e92f6ed26155db09b4d3fbb9492bcd3df2bb75?s=96&d=mm&r=g","caption":"vaia_masterkey"},"sameAs":["https:\/\/www.vaia.eu"]}]}},"_links":{"self":[{"href":"https:\/\/www.vaia.eu\/de\/wp-json\/wp\/v2\/posts\/4331","targetHints":{"allow":["GET"]}}],"collection":[{"href":"https:\/\/www.vaia.eu\/de\/wp-json\/wp\/v2\/posts"}],"about":[{"href":"https:\/\/www.vaia.eu\/de\/wp-json\/wp\/v2\/types\/post"}],"author":[{"embeddable":true,"href":"https:\/\/www.vaia.eu\/de\/wp-json\/wp\/v2\/users\/1"}],"replies":[{"embeddable":true,"href":"https:\/\/www.vaia.eu\/de\/wp-json\/wp\/v2\/comments?post=4331"}],"version-history":[{"count":0,"href":"https:\/\/www.vaia.eu\/de\/wp-json\/wp\/v2\/posts\/4331\/revisions"}],"wp:attachment":[{"href":"https:\/\/www.vaia.eu\/de\/wp-json\/wp\/v2\/media?parent=4331"}],"wp:term":[{"taxonomy":"category","embeddable":true,"href":"https:\/\/www.vaia.eu\/de\/wp-json\/wp\/v2\/categories?post=4331"},{"taxonomy":"post_tag","embeddable":true,"href":"https:\/\/www.vaia.eu\/de\/wp-json\/wp\/v2\/tags?post=4331"}],"curies":[{"name":"wp","href":"https:\/\/api.w.org\/{rel}","templated":true}]}}